{"id":26,"date":"2024-05-26T22:29:51","date_gmt":"2024-05-26T20:29:51","guid":{"rendered":"https:\/\/www.kanoon-zendanian.org\/?p=26"},"modified":"2024-12-22T09:59:29","modified_gmt":"2024-12-22T08:59:29","slug":"historiskt-avtal-mellan-iran-och-kina-om-teknologiskt-samarbete","status":"publish","type":"post","link":"https:\/\/www.kanoon-zendanian.org\/en\/2024\/05\/26\/historiskt-avtal-mellan-iran-och-kina-om-teknologiskt-samarbete\/","title":{"rendered":"Vad h\u00e4nde 1988"},"content":{"rendered":"\n<h2 class=\"wp-block-heading\">En kort sammanfattning av vad som h\u00e4nde 1988<\/h2>\n\n\n\n<p>Sommaren 1988 anst\u00e4llde den Islamiska Regimen i Iran en storskalig massaker p\u00e5 landets samvetsf\u00e5ngar. N\u00e5gra siffror p\u00e5 antalet offer har p.g.a.h\u00e5rda censuren och h\u00e5rda politiska klimatet inte kunnat fastst\u00e4llas? Dock har hittills ca 4000 av dessa namngivits av ber\u00f6rda familjer och organisationer. M\u00e5nga av offren hade egentligen redan avtj\u00e4nat sitt straff, men satt kvar i f\u00e4ngelse d\u00e5 de inte ville underkastade sig frigivningsvillkoren. De blev d\u00e5 massakrerade och begravna i stort i ok\u00e4nda massgravar.<\/p>\n\n\n\n<p>Regimen v\u00e4grar fortfarande ge n\u00e5gon information om var dessa gravar ligger. Khavarangrav- platsen i s\u00f6dra Teheran \u00e4r den enda k\u00e4nda s\u00e5dan massgrav d\u00e4r ber\u00f6rda familjerna samlas den 31:augusti varje \u00e5r och hedrar sina k\u00e4ra. Massakern var kulmen p\u00e5 en elimineringsprocess under 1981-87 d\u00e4r more then 20000 olikst\u00e4nkande f\u00f6rsvann, torterades ihj\u00e4l, eller arkebuserades. Unga flickor v\u00e5ldtogs med st\u00f6d av islamska Sharialagen innan arkebuseringen. Denna process \u00e4r delvis dokumenterad av bl.a Amnesty International, iranska politiska f\u00e5ngars f\u00f6rbund i exil, iranska oppositionen, familjerna,o.s.v.<\/p>\n\n\n\n<h2 class=\"wp-block-heading\">Hur det h\u00e4nde?<\/h2>\n\n\n\n<p>Vintern 1987 f\u00f6rh\u00f6rdes \u00e5ter alla f\u00e5ngar: \u201dTar du avst\u00e5nd fr\u00e5n din organisation? Tror du p\u00e5 den islamiska republiken? Ber du?\u201d F\u00e5ngarna delades i olika grupper efter hur de svarat p\u00e5 fr\u00e5gorna. Mojahedin(1) skiljdes fr\u00e5n v\u00e4nstern. F\u00e5ngar delades efter niv\u00e5n p\u00e5 deras straff. I Gohardasht-f\u00e4ngelset i staden Karj placerades f\u00e5ngar med kortare \u00e4n 10 \u00e5rs straff i speciella avdelningar. F\u00e5ngar med 10-15 \u00e5rs strafftid och fr\u00e5n 15 \u00e5r till livstid placerades i olika avdelningar. F\u00e5ngarna som avtj\u00e4nat sitt straff och fortfarande var f\u00e4ngslade, eftersom de inte accepterat villkoren f\u00f6r frigivningsintervjun, sattes i en speciell avdelning. Denna \u00e5terg\u00e4rd genomf\u00f6rdes i f\u00e4ngesler runt om landet.<\/p>\n\n\n\n<p>Fredagen den 29 juli 1988 fick f\u00e5ngarna inte g\u00e5 ut och f\u00e5 frisk luft, TV-apparaterna h\u00e4mtades fr\u00e5n deras rum, avdelningarna fick inte l\u00e4ngre n\u00e5gra tidningar, familjebes\u00f6k stoppades och patienter fick inte l\u00e4ngre bes\u00f6ka f\u00e4ngelsernas sjukv\u00e5rd. <\/p>\n\n\n\n<p>L\u00f6rdagen den 8:e augusti inleddes en domstol. Man b\u00f6rjade med mojahedin. M\u00e4ns och kvinnors \u00f6gonen bands f\u00f6r, de togs ut fr\u00e5n avdelningarna och st\u00e4lldes upp l\u00e4ngs korridorerna. D\u00e4refter togs de en efter en till rummet d\u00e4r d\u00f6dskommissionens medlemmar v\u00e4ntade p\u00e5 dem. <\/p>\n\n\n\n<p>Fyra fr\u00e5gor st\u00e4lldes till f\u00e5ngarna: \u201dTror du p\u00e5 Mojahedin? F\u00f6rd\u00f6mer du din organisation i en intervju inf\u00f6r andra f\u00e5ngar? Samarbetar du med f\u00e4ngelsets tj\u00e4nstem\u00e4n mot andra f\u00e5ngar? St\u00e4ller du upp p\u00e5 att g\u00e5 genom irakiska minf\u00e4lt? Massakern startade samma dag och fortsatte dagar och veckor. <\/p>\n\n\n\n<p>Slutligen var det dags f\u00f6r v\u00e4nstern och kommunisterna. Det var den 25 augusti 1988. F\u00e5ngarna fr\u00e5n avdelningarna med v\u00e4nsterfolk fick sina \u00f6gon f\u00f6rbundna, de togs ut fr\u00e5n avdelningarna och st\u00e4lldes upp i korridorerna, avdelning f\u00f6r avdelning. <\/p>\n\n\n\n<p>De togs en efter en till rummet d\u00e4r de \u201df\u00f6rh\u00f6rdes\u201d. D\u00f6dskommissionen v\u00e4ntade p\u00e5 dem f\u00f6r att skicka dem till d\u00f6dskammaren. Fr\u00e5gorna var: \u201dTror du p\u00e5 din organisation? \u00c4r du muslim? Ber du?\u201d Negativt svar var tillr\u00e4ckligt f\u00f6r att ge d\u00f6dsstraff. Tempot i r\u00e4tteg\u00e5ngen var s\u00f6 h\u00f6gt att en f\u00e5nge d\u00f6mdes var annan eller var tredje minut. De f\u00e5ngar som erk\u00e4nde att de inte var muslimer och inte bad fick st\u00e4lla sig i d\u00f6dsk\u00f6n. Slag och piskrapp fortsatte dagar och veckor samtidigt som h\u00e4ngningarna \u00e4gde rum. P\u00e5 detta s\u00e4tt massakrerades tusentals politiska f\u00e5ngar i hemlighet och begravdes i massgravar runt om landet. <\/p>\n\n\n\n<h2 class=\"wp-block-heading\">Varf\u00f6r det h\u00e4nde <\/h2>\n\n\n\n<p>Folk i Iran var tr\u00f6ttna p\u00e5 8 \u00e5rs krig med Iraq. De ville ha slut p\u00e5 kriget . Ingenting f\u00e5ngerade som det skulle. Landet var helt f\u00f6rlamad. Folk b\u00f6rjade protestera . Regimen hamnat i kn\u00e4p och h\u00f6ll p\u00e5 att f\u00f6rlora greppt om samh\u00e4llet. Kriget var inte l\u00e4ngre l\u00f6nsam f\u00f6r parterna. Kriget i Iran var ett vertyg f\u00f6r regimen att kv\u00e4va folket och politiska m\u00f6tst\u00e5ndare. Regimen i Iran ville ha n\u00e5gon l\u00f6sning f\u00f6r att sluta fred med Iraq innan folket skulle resa sig mot regimen. Samtidigt beh\u00f6vde de att l\u00e5tsas kriget har f\u00e5tt sitt m\u00e5l och de har vunnit kriget f\u00f6r att d\u00e4mpa sina milliontals anh\u00e4gare som hade lovats att inta Jerusalem. F\u00f6r det skulle h\u00e4nda skulle de f\u00f6rst besegra Iraq. Fredsf\u00f6rhandling hade p\u00e5g\u00e5tt genom FN i ett \u00e5r. FN utf\u00e4rdade en resolution(resolution nr 598) i b\u00f6rjan av Mars 1988. I ett tal i mitten av juni 1988 godk\u00e4nde Khomeini resolutionen. Regimen visste att freden skulle inte p\u00e5 ett l\u00e4ngre perspektiv hj\u00e4lpa de f\u00f6r att ta sig ur den svara inhemska situationen. F\u00f6rst\u00f6relse var h\u00f6gt, hundratusental var d\u00f6da och milliontals var heml\u00f6sa. Folk var missnojda. I b\u00f6rjan av 80-talet avr\u00e4ttade Regimen tiotusentals m\u00f6tst\u00e5ndare i beskydd av kriget. Tusentals politiska m\u00f6tst\u00e5ndare hade fortfarande h\u00e5llits i f\u00e4ngelse. Folk skulle vilja se politiska f\u00e5ngarna befrias n\u00e4r kriget skulle slutas. Regimen skulle inte befria s\u00e5 m\u00e5nga politiska f\u00e5ngar eller beh\u00e5lla de i f\u00e4ngelse. I varje fall skulle de vara ett problem f\u00f6r regim. D\u00e5 massakerade regimen tusentals politiska f\u00e5ngar f\u00f6r att skr\u00e4mma folket och bli av med s\u00e5 m\u00e5nga samvetsf\u00e5ngar en g\u00e5ng f\u00f6r alla. <\/p>\n\n\n\n<h2 class=\"wp-block-heading\">Situationen f\u00f6r politiska f\u00e5ngar i iranska f\u00e4ngelser <\/h2>\n\n\n\n<p>Iran \u00e4r ett land d\u00e4r brott mot m\u00e4nskliga r\u00e4ttigheter har genomf\u00f6rts i dess mest brutala form. F\u00f6rf\u00f6ljelse, tortyr och avr\u00e4ttningar av frihetsk\u00e4mpe har alla dessa \u00e5r fortsatt oavbruten. Det finns omkring 2000 politiska f\u00e5ngar i Irans f\u00e4ngelser idag, de flesta i Tehran, Kurdistan och Azarbaijan. Omkring 500 \u00e4r befriad med borgen och v\u00e4ntar p\u00e5 en dom. De flesta \u00e4r arbetaraktivister, studenter, journalister, l\u00e4rare, regimkritiker och Kvinnor\u00e4ttsf\u00f6rsvarare. Fyra kurdiska aktivister bland annat en journalist \u00e4r d\u00f6mda till d\u00f6den. N\u00e5gar har de senaste \u00e5ren torterats till d\u00f6ds, bland annat en iransk-kanadensiska journalist, en ung kvinnlig l\u00e4kare, tre studenter och tv\u00e5 kurdiska aktivister.<br><\/p>\n","protected":false},"excerpt":{"rendered":"<p>En kort sammanfattning av vad som h\u00e4nde 1988 Sommaren 1988 anst\u00e4llde den Islamiska Regimen i Iran en storskalig massaker p\u00e5 landets samvetsf\u00e5ngar. N\u00e5gra siffror p\u00e5 antalet offer har p.g.a.h\u00e5rda censuren och h\u00e5rda politiska klimatet inte kunnat fastst\u00e4llas? Dock har hittills ca 4000 av dessa namngivits av ber\u00f6rda familjer och organisationer. M\u00e5nga av offren hade egentligen [&hellip;]<\/p>\n","protected":false},"author":1,"featured_media":37,"comment_status":"open","ping_status":"open","sticky":false,"template":"","format":"standard","meta":{"_acf_changed":false,"footnotes":""},"categories":[1],"tags":[5],"class_list":["post-26","post","type-post","status-publish","format-standard","has-post-thumbnail","hentry","category-okategoriserade","tag-politics"],"acf":[],"_links":{"self":[{"href":"https:\/\/www.kanoon-zendanian.org\/en\/wp-json\/wp\/v2\/posts\/26","targetHints":{"allow":["GET"]}}],"collection":[{"href":"https:\/\/www.kanoon-zendanian.org\/en\/wp-json\/wp\/v2\/posts"}],"about":[{"href":"https:\/\/www.kanoon-zendanian.org\/en\/wp-json\/wp\/v2\/types\/post"}],"author":[{"embeddable":true,"href":"https:\/\/www.kanoon-zendanian.org\/en\/wp-json\/wp\/v2\/users\/1"}],"replies":[{"embeddable":true,"href":"https:\/\/www.kanoon-zendanian.org\/en\/wp-json\/wp\/v2\/comments?post=26"}],"version-history":[{"count":3,"href":"https:\/\/www.kanoon-zendanian.org\/en\/wp-json\/wp\/v2\/posts\/26\/revisions"}],"predecessor-version":[{"id":6447,"href":"https:\/\/www.kanoon-zendanian.org\/en\/wp-json\/wp\/v2\/posts\/26\/revisions\/6447"}],"wp:featuredmedia":[{"embeddable":true,"href":"https:\/\/www.kanoon-zendanian.org\/en\/wp-json\/wp\/v2\/media\/37"}],"wp:attachment":[{"href":"https:\/\/www.kanoon-zendanian.org\/en\/wp-json\/wp\/v2\/media?parent=26"}],"wp:term":[{"taxonomy":"category","embeddable":true,"href":"https:\/\/www.kanoon-zendanian.org\/en\/wp-json\/wp\/v2\/categories?post=26"},{"taxonomy":"post_tag","embeddable":true,"href":"https:\/\/www.kanoon-zendanian.org\/en\/wp-json\/wp\/v2\/tags?post=26"}],"curies":[{"name":"wp","href":"https:\/\/api.w.org\/{rel}","templated":true}]}}